{"id":44,"date":"2026-01-31T20:40:38","date_gmt":"2026-01-31T17:40:38","guid":{"rendered":"https:\/\/www.nordic.info\/tr-tr\/?p=44"},"modified":"2026-01-31T20:18:43","modified_gmt":"2026-01-31T17:18:43","slug":"danimarka-suriyedeki-buyukelciligini-yeniden-aciyor","status":"publish","type":"post","link":"https:\/\/www.nordic.info\/tr-tr\/siyaset\/danimarka-suriyedeki-buyukelciligini-yeniden-aciyor\/44\/","title":{"rendered":"Danimarka, Suriye\u2019deki b\u00fcy\u00fckel\u00e7ili\u011fini yeniden a\u00e7\u0131yor"},"content":{"rendered":"<p>D\u0131\u015fi\u015fleri Bakan\u0131 Lars L\u00f8kke Rasmussen, d\u00fcn D\u0131\u015f Politika Komitesi\u2019ne yapt\u0131\u011f\u0131 bilgilendirmede, b\u00fcy\u00fckel\u00e7ili\u011fin 2026 y\u0131l\u0131 i\u00e7erisinde yeniden a\u00e7\u0131laca\u011f\u0131n\u0131 ve Suriye\u2019ye bir Danimarkal\u0131 b\u00fcy\u00fckel\u00e7i atanaca\u011f\u0131n\u0131 a\u00e7\u0131klad\u0131.<\/p>\n<p>Rasmussen, b\u00fcy\u00fckel\u00e7ili\u011fin yeniden a\u00e7\u0131lmas\u0131n\u0131n Suriye\u2019deki geli\u015fmeleri olumlu y\u00f6nde etkileme imk\u00e2n\u0131 sa\u011flayaca\u011f\u0131n\u0131 belirtti.<\/p>\n<p>Rasmussen \u015f\u00f6yle konu\u015ftu:<\/p>\n<p>&#8220;B\u00fcy\u00fckel\u00e7ili\u011fin yeniden faaliyete ge\u00e7mesiyle Suriye\u2019deki s\u00fcreci daha yak\u0131ndan ve etkili bi\u00e7imde y\u00f6nlendirebiliriz. Ayn\u0131 zamanda Suriye ge\u00e7i\u015f h\u00fck\u00fcmetiyle zorunlu geri g\u00f6ndermeler konusunda i\u015f birli\u011fini art\u0131rmak istiyoruz. Kas\u0131m ay\u0131nda \u015eam\u2019a yapt\u0131\u011f\u0131m ziyarette bu konuyu Suriyeli mevkida\u015f\u0131mla ele ald\u0131m. Danimarka\u2019n\u0131n \u00fclkede yeniden bir b\u00fcy\u00fckel\u00e7ili\u011fe sahip olmas\u0131, bu hedefleri hayata ge\u00e7irmemizi kolayla\u015ft\u0131racakt\u0131r.&#8221;<\/p>\n<h3>2012&#8217;de kapand\u0131<\/h3>\n<p>Danimarka\u2019n\u0131n Suriye\u2019deki b\u00fcy\u00fckel\u00e7ili\u011fi, Suriye i\u00e7 sava\u015f\u0131nda \u00e7at\u0131\u015fmalar\u0131n \u015fiddetlendi\u011fi 2012 y\u0131l\u0131ndan bu yana kapal\u0131 bulunuyordu.<\/p>\n","protected":false},"excerpt":{"rendered":"<p>Danimarka\u2019n\u0131n Suriye\u2019deki b\u00fcy\u00fckel\u00e7ili\u011fi 2026 y\u0131l\u0131nda yeniden a\u00e7\u0131lacak. D\u0131\u015fi\u015fleri Bakan\u0131 Lars L\u00f8kke Rasmussen, karar\u0131 d\u00fcn D\u0131\u015f Politika Komitesi\u2019ne bildirdi.<\/p>\n","protected":false},"author":2,"featured_media":49,"comment_status":"closed","ping_status":"open","sticky":false,"template":"","format":"standard","meta":{"footnotes":""},"categories":[5,19,135],"tags":[138,131,137,136],"class_list":["post-44","post","type-post","status-publish","format-standard","has-post-thumbnail","hentry","category-danimarka","category-dunya","category-siyaset","tag-buyukelcilik","tag-danimarka","tag-lars-lokke-rasmussen","tag-suriye"],"yoast_head":"<!-- This site is optimized with the Yoast SEO plugin v26.8 - https:\/\/yoast.com\/product\/yoast-seo-wordpress\/ -->\n<title>Danimarka, Suriye\u2019deki b\u00fcy\u00fckel\u00e7ili\u011fini yeniden a\u00e7\u0131yor - Nordic.info<\/title>\n<meta name=\"robots\" content=\"index, follow, max-snippet:-1, max-image-preview:large, max-video-preview:-1\" \/>\n<link rel=\"canonical\" href=\"https:\/\/www.nordic.info\/tr-tr\/siyaset\/danimarka-suriyedeki-buyukelciligini-yeniden-aciyor\/44\/\" \/>\n<meta property=\"og:locale\" content=\"tr_TR\" \/>\n<meta property=\"og:type\" content=\"article\" \/>\n<meta property=\"og:title\" content=\"Danimarka, Suriye\u2019deki b\u00fcy\u00fckel\u00e7ili\u011fini yeniden a\u00e7\u0131yor - Nordic.info\" \/>\n<meta property=\"og:description\" content=\"Danimarka\u2019n\u0131n Suriye\u2019deki b\u00fcy\u00fckel\u00e7ili\u011fi 2026 y\u0131l\u0131nda yeniden a\u00e7\u0131lacak. D\u0131\u015fi\u015fleri Bakan\u0131 Lars L\u00f8kke Rasmussen, karar\u0131 d\u00fcn D\u0131\u015f Politika Komitesi\u2019ne bildirdi.\" \/>\n<meta property=\"og:url\" content=\"https:\/\/www.nordic.info\/tr-tr\/siyaset\/danimarka-suriyedeki-buyukelciligini-yeniden-aciyor\/44\/\" \/>\n<meta property=\"og:site_name\" content=\"Nordic.info\" \/>\n<meta property=\"article:published_time\" content=\"2026-01-31T17:40:38+00:00\" \/>\n<meta property=\"og:image\" content=\"https:\/\/www.nordic.info\/tr-tr\/wp-content\/uploads\/2026\/01\/udenrigsministeriet_01.jpg\" \/>\n\t<meta property=\"og:image:width\" content=\"1260\" \/>\n\t<meta property=\"og:image:height\" content=\"840\" \/>\n\t<meta property=\"og:image:type\" content=\"image\/jpeg\" \/>\n<meta name=\"author\" content=\"nordicinfo\" \/>\n<meta name=\"twitter:card\" content=\"summary_large_image\" \/>\n<meta name=\"twitter:label1\" content=\"Yazan:\" \/>\n\t<meta name=\"twitter:data1\" content=\"nordicinfo\" \/>\n\t<meta name=\"twitter:label2\" content=\"Tahmini okuma s\u00fcresi\" \/>\n\t<meta name=\"twitter:data2\" content=\"1 dakika\" \/>\n<script type=\"application\/ld+json\" class=\"yoast-schema-graph\">{\"@context\":\"https:\/\/schema.org\",\"@graph\":[{\"@type\":\"Article\",\"@id\":\"https:\/\/www.nordic.info\/tr-tr\/siyaset\/danimarka-suriyedeki-buyukelciligini-yeniden-aciyor\/44\/#article\",\"isPartOf\":{\"@id\":\"https:\/\/www.nordic.info\/tr-tr\/siyaset\/danimarka-suriyedeki-buyukelciligini-yeniden-aciyor\/44\/\"},\"author\":{\"name\":\"nordicinfo\",\"@id\":\"https:\/\/www.nordic.info\/tr-tr\/#\/schema\/person\/7eecd1f337c3c6c1f7a0c78334cb889e\"},\"headline\":\"Danimarka, Suriye\u2019deki b\u00fcy\u00fckel\u00e7ili\u011fini yeniden a\u00e7\u0131yor\",\"datePublished\":\"2026-01-31T17:40:38+00:00\",\"mainEntityOfPage\":{\"@id\":\"https:\/\/www.nordic.info\/tr-tr\/siyaset\/danimarka-suriyedeki-buyukelciligini-yeniden-aciyor\/44\/\"},\"wordCount\":190,\"image\":{\"@id\":\"https:\/\/www.nordic.info\/tr-tr\/siyaset\/danimarka-suriyedeki-buyukelciligini-yeniden-aciyor\/44\/#primaryimage\"},\"thumbnailUrl\":\"https:\/\/www.nordic.info\/tr-tr\/wp-content\/uploads\/2026\/01\/udenrigsministeriet_01.jpg\",\"keywords\":[\"B\u00fcy\u00fckel\u00e7ilik\",\"Danimarka\",\"Lars L\u00f8kke Rasmussen\",\"Suriye\"],\"articleSection\":[\"Danimarka\",\"D\u00fcnya\",\"Siyaset\"],\"inLanguage\":\"tr\"},{\"@type\":\"WebPage\",\"@id\":\"https:\/\/www.nordic.info\/tr-tr\/siyaset\/danimarka-suriyedeki-buyukelciligini-yeniden-aciyor\/44\/\",\"url\":\"https:\/\/www.nordic.info\/tr-tr\/siyaset\/danimarka-suriyedeki-buyukelciligini-yeniden-aciyor\/44\/\",\"name\":\"Danimarka, Suriye\u2019deki b\u00fcy\u00fckel\u00e7ili\u011fini yeniden a\u00e7\u0131yor - Nordic.info\",\"isPartOf\":{\"@id\":\"https:\/\/www.nordic.info\/tr-tr\/#website\"},\"primaryImageOfPage\":{\"@id\":\"https:\/\/www.nordic.info\/tr-tr\/siyaset\/danimarka-suriyedeki-buyukelciligini-yeniden-aciyor\/44\/#primaryimage\"},\"image\":{\"@id\":\"https:\/\/www.nordic.info\/tr-tr\/siyaset\/danimarka-suriyedeki-buyukelciligini-yeniden-aciyor\/44\/#primaryimage\"},\"thumbnailUrl\":\"https:\/\/www.nordic.info\/tr-tr\/wp-content\/uploads\/2026\/01\/udenrigsministeriet_01.jpg\",\"datePublished\":\"2026-01-31T17:40:38+00:00\",\"author\":{\"@id\":\"https:\/\/www.nordic.info\/tr-tr\/#\/schema\/person\/7eecd1f337c3c6c1f7a0c78334cb889e\"},\"breadcrumb\":{\"@id\":\"https:\/\/www.nordic.info\/tr-tr\/siyaset\/danimarka-suriyedeki-buyukelciligini-yeniden-aciyor\/44\/#breadcrumb\"},\"inLanguage\":\"tr\",\"potentialAction\":[{\"@type\":\"ReadAction\",\"target\":[\"https:\/\/www.nordic.info\/tr-tr\/siyaset\/danimarka-suriyedeki-buyukelciligini-yeniden-aciyor\/44\/\"]}]},{\"@type\":\"ImageObject\",\"inLanguage\":\"tr\",\"@id\":\"https:\/\/www.nordic.info\/tr-tr\/siyaset\/danimarka-suriyedeki-buyukelciligini-yeniden-aciyor\/44\/#primaryimage\",\"url\":\"https:\/\/www.nordic.info\/tr-tr\/wp-content\/uploads\/2026\/01\/udenrigsministeriet_01.jpg\",\"contentUrl\":\"https:\/\/www.nordic.info\/tr-tr\/wp-content\/uploads\/2026\/01\/udenrigsministeriet_01.jpg\",\"width\":1260,\"height\":840,\"caption\":\"Danimarka D\u0131\u015fi\u015fleri Bakanl\u0131\u011f\u0131 Binas\u0131 (Foto: Jorgen Schytte)\"},{\"@type\":\"BreadcrumbList\",\"@id\":\"https:\/\/www.nordic.info\/tr-tr\/siyaset\/danimarka-suriyedeki-buyukelciligini-yeniden-aciyor\/44\/#breadcrumb\",\"itemListElement\":[{\"@type\":\"ListItem\",\"position\":1,\"name\":\"Anasayfa\",\"item\":\"https:\/\/www.nordic.info\/tr-tr\/\"},{\"@type\":\"ListItem\",\"position\":2,\"name\":\"Danimarka, Suriye\u2019deki b\u00fcy\u00fckel\u00e7ili\u011fini yeniden a\u00e7\u0131yor\"}]},{\"@type\":\"WebSite\",\"@id\":\"https:\/\/www.nordic.info\/tr-tr\/#website\",\"url\":\"https:\/\/www.nordic.info\/tr-tr\/\",\"name\":\"Nordic.info\",\"description\":\"\",\"potentialAction\":[{\"@type\":\"SearchAction\",\"target\":{\"@type\":\"EntryPoint\",\"urlTemplate\":\"https:\/\/www.nordic.info\/tr-tr\/?s={search_term_string}\"},\"query-input\":{\"@type\":\"PropertyValueSpecification\",\"valueRequired\":true,\"valueName\":\"search_term_string\"}}],\"inLanguage\":\"tr\"},{\"@type\":\"Person\",\"@id\":\"https:\/\/www.nordic.info\/tr-tr\/#\/schema\/person\/7eecd1f337c3c6c1f7a0c78334cb889e\",\"name\":\"nordicinfo\",\"url\":\"https:\/\/www.nordic.info\/tr-tr\/author\/nordicinfo\/\"}]}<\/script>\n<!-- \/ Yoast SEO plugin. -->","yoast_head_json":{"title":"Danimarka, Suriye\u2019deki b\u00fcy\u00fckel\u00e7ili\u011fini yeniden a\u00e7\u0131yor - Nordic.info","robots":{"index":"index","follow":"follow","max-snippet":"max-snippet:-1","max-image-preview":"max-image-preview:large","max-video-preview":"max-video-preview:-1"},"canonical":"https:\/\/www.nordic.info\/tr-tr\/siyaset\/danimarka-suriyedeki-buyukelciligini-yeniden-aciyor\/44\/","og_locale":"tr_TR","og_type":"article","og_title":"Danimarka, Suriye\u2019deki b\u00fcy\u00fckel\u00e7ili\u011fini yeniden a\u00e7\u0131yor - Nordic.info","og_description":"Danimarka\u2019n\u0131n Suriye\u2019deki b\u00fcy\u00fckel\u00e7ili\u011fi 2026 y\u0131l\u0131nda yeniden a\u00e7\u0131lacak. D\u0131\u015fi\u015fleri Bakan\u0131 Lars L\u00f8kke Rasmussen, karar\u0131 d\u00fcn D\u0131\u015f Politika Komitesi\u2019ne bildirdi.","og_url":"https:\/\/www.nordic.info\/tr-tr\/siyaset\/danimarka-suriyedeki-buyukelciligini-yeniden-aciyor\/44\/","og_site_name":"Nordic.info","article_published_time":"2026-01-31T17:40:38+00:00","og_image":[{"width":1260,"height":840,"url":"https:\/\/www.nordic.info\/tr-tr\/wp-content\/uploads\/2026\/01\/udenrigsministeriet_01.jpg","type":"image\/jpeg"}],"author":"nordicinfo","twitter_card":"summary_large_image","twitter_misc":{"Yazan:":"nordicinfo","Tahmini okuma s\u00fcresi":"1 dakika"},"schema":{"@context":"https:\/\/schema.org","@graph":[{"@type":"Article","@id":"https:\/\/www.nordic.info\/tr-tr\/siyaset\/danimarka-suriyedeki-buyukelciligini-yeniden-aciyor\/44\/#article","isPartOf":{"@id":"https:\/\/www.nordic.info\/tr-tr\/siyaset\/danimarka-suriyedeki-buyukelciligini-yeniden-aciyor\/44\/"},"author":{"name":"nordicinfo","@id":"https:\/\/www.nordic.info\/tr-tr\/#\/schema\/person\/7eecd1f337c3c6c1f7a0c78334cb889e"},"headline":"Danimarka, Suriye\u2019deki b\u00fcy\u00fckel\u00e7ili\u011fini yeniden a\u00e7\u0131yor","datePublished":"2026-01-31T17:40:38+00:00","mainEntityOfPage":{"@id":"https:\/\/www.nordic.info\/tr-tr\/siyaset\/danimarka-suriyedeki-buyukelciligini-yeniden-aciyor\/44\/"},"wordCount":190,"image":{"@id":"https:\/\/www.nordic.info\/tr-tr\/siyaset\/danimarka-suriyedeki-buyukelciligini-yeniden-aciyor\/44\/#primaryimage"},"thumbnailUrl":"https:\/\/www.nordic.info\/tr-tr\/wp-content\/uploads\/2026\/01\/udenrigsministeriet_01.jpg","keywords":["B\u00fcy\u00fckel\u00e7ilik","Danimarka","Lars L\u00f8kke Rasmussen","Suriye"],"articleSection":["Danimarka","D\u00fcnya","Siyaset"],"inLanguage":"tr"},{"@type":"WebPage","@id":"https:\/\/www.nordic.info\/tr-tr\/siyaset\/danimarka-suriyedeki-buyukelciligini-yeniden-aciyor\/44\/","url":"https:\/\/www.nordic.info\/tr-tr\/siyaset\/danimarka-suriyedeki-buyukelciligini-yeniden-aciyor\/44\/","name":"Danimarka, Suriye\u2019deki b\u00fcy\u00fckel\u00e7ili\u011fini yeniden a\u00e7\u0131yor - Nordic.info","isPartOf":{"@id":"https:\/\/www.nordic.info\/tr-tr\/#website"},"primaryImageOfPage":{"@id":"https:\/\/www.nordic.info\/tr-tr\/siyaset\/danimarka-suriyedeki-buyukelciligini-yeniden-aciyor\/44\/#primaryimage"},"image":{"@id":"https:\/\/www.nordic.info\/tr-tr\/siyaset\/danimarka-suriyedeki-buyukelciligini-yeniden-aciyor\/44\/#primaryimage"},"thumbnailUrl":"https:\/\/www.nordic.info\/tr-tr\/wp-content\/uploads\/2026\/01\/udenrigsministeriet_01.jpg","datePublished":"2026-01-31T17:40:38+00:00","author":{"@id":"https:\/\/www.nordic.info\/tr-tr\/#\/schema\/person\/7eecd1f337c3c6c1f7a0c78334cb889e"},"breadcrumb":{"@id":"https:\/\/www.nordic.info\/tr-tr\/siyaset\/danimarka-suriyedeki-buyukelciligini-yeniden-aciyor\/44\/#breadcrumb"},"inLanguage":"tr","potentialAction":[{"@type":"ReadAction","target":["https:\/\/www.nordic.info\/tr-tr\/siyaset\/danimarka-suriyedeki-buyukelciligini-yeniden-aciyor\/44\/"]}]},{"@type":"ImageObject","inLanguage":"tr","@id":"https:\/\/www.nordic.info\/tr-tr\/siyaset\/danimarka-suriyedeki-buyukelciligini-yeniden-aciyor\/44\/#primaryimage","url":"https:\/\/www.nordic.info\/tr-tr\/wp-content\/uploads\/2026\/01\/udenrigsministeriet_01.jpg","contentUrl":"https:\/\/www.nordic.info\/tr-tr\/wp-content\/uploads\/2026\/01\/udenrigsministeriet_01.jpg","width":1260,"height":840,"caption":"Danimarka D\u0131\u015fi\u015fleri Bakanl\u0131\u011f\u0131 Binas\u0131 (Foto: Jorgen Schytte)"},{"@type":"BreadcrumbList","@id":"https:\/\/www.nordic.info\/tr-tr\/siyaset\/danimarka-suriyedeki-buyukelciligini-yeniden-aciyor\/44\/#breadcrumb","itemListElement":[{"@type":"ListItem","position":1,"name":"Anasayfa","item":"https:\/\/www.nordic.info\/tr-tr\/"},{"@type":"ListItem","position":2,"name":"Danimarka, Suriye\u2019deki b\u00fcy\u00fckel\u00e7ili\u011fini yeniden a\u00e7\u0131yor"}]},{"@type":"WebSite","@id":"https:\/\/www.nordic.info\/tr-tr\/#website","url":"https:\/\/www.nordic.info\/tr-tr\/","name":"Nordic.info","description":"","potentialAction":[{"@type":"SearchAction","target":{"@type":"EntryPoint","urlTemplate":"https:\/\/www.nordic.info\/tr-tr\/?s={search_term_string}"},"query-input":{"@type":"PropertyValueSpecification","valueRequired":true,"valueName":"search_term_string"}}],"inLanguage":"tr"},{"@type":"Person","@id":"https:\/\/www.nordic.info\/tr-tr\/#\/schema\/person\/7eecd1f337c3c6c1f7a0c78334cb889e","name":"nordicinfo","url":"https:\/\/www.nordic.info\/tr-tr\/author\/nordicinfo\/"}]}},"_links":{"self":[{"href":"https:\/\/www.nordic.info\/tr-tr\/wp-json\/wp\/v2\/posts\/44","targetHints":{"allow":["GET"]}}],"collection":[{"href":"https:\/\/www.nordic.info\/tr-tr\/wp-json\/wp\/v2\/posts"}],"about":[{"href":"https:\/\/www.nordic.info\/tr-tr\/wp-json\/wp\/v2\/types\/post"}],"author":[{"embeddable":true,"href":"https:\/\/www.nordic.info\/tr-tr\/wp-json\/wp\/v2\/users\/2"}],"replies":[{"embeddable":true,"href":"https:\/\/www.nordic.info\/tr-tr\/wp-json\/wp\/v2\/comments?post=44"}],"version-history":[{"count":5,"href":"https:\/\/www.nordic.info\/tr-tr\/wp-json\/wp\/v2\/posts\/44\/revisions"}],"predecessor-version":[{"id":50,"href":"https:\/\/www.nordic.info\/tr-tr\/wp-json\/wp\/v2\/posts\/44\/revisions\/50"}],"wp:featuredmedia":[{"embeddable":true,"href":"https:\/\/www.nordic.info\/tr-tr\/wp-json\/wp\/v2\/media\/49"}],"wp:attachment":[{"href":"https:\/\/www.nordic.info\/tr-tr\/wp-json\/wp\/v2\/media?parent=44"}],"wp:term":[{"taxonomy":"category","embeddable":true,"href":"https:\/\/www.nordic.info\/tr-tr\/wp-json\/wp\/v2\/categories?post=44"},{"taxonomy":"post_tag","embeddable":true,"href":"https:\/\/www.nordic.info\/tr-tr\/wp-json\/wp\/v2\/tags?post=44"}],"curies":[{"name":"wp","href":"https:\/\/api.w.org\/{rel}","templated":true}]}}