{"id":27,"date":"2026-01-26T09:30:42","date_gmt":"2026-01-26T06:30:42","guid":{"rendered":"https:\/\/www.nordic.info\/tr-tr\/?p=27"},"modified":"2026-01-26T03:11:40","modified_gmt":"2026-01-26T00:11:40","slug":"danimarkadan-airbnbye-darbe-kisa-sureli-konut-kiralamalarinda-denetim-artiyor","status":"publish","type":"post","link":"https:\/\/www.nordic.info\/tr-tr\/danimarka\/danimarkadan-airbnbye-darbe-kisa-sureli-konut-kiralamalarinda-denetim-artiyor\/27\/","title":{"rendered":"Danimarka&#8217;dan Airbnb&#8217;ye darbe: K\u0131sa s\u00fcreli konut kiralamalar\u0131nda denetim art\u0131yor"},"content":{"rendered":"<p>Payla\u015f\u0131m ekonomisi ve uluslararas\u0131 dijital kiralama platformlar\u0131, seyahat ederken konaklama bi\u00e7imlerimizi \u00f6nemli \u00f6l\u00e7\u00fcde de\u011fi\u015ftirdi. Ancak bu yeni geli\u015fmeler, k\u0131sa s\u00fcreli kiralamalar\u0131n yasal \u00e7er\u00e7eve i\u00e7inde ve dengeli bir \u015fekilde yap\u0131lmas\u0131n\u0131 sa\u011flayacak etkin bir denetimi de zorunlu k\u0131l\u0131yor.<\/p>\n<p>Yeni d\u00fczenlemeyle birlikte, s\u0131radan ev sahiplerinin \u2014 \u00f6rne\u011fin tatildeyken ya da aile ziyareti s\u0131ras\u0131nda \u2014 konutlar\u0131n\u0131 k\u0131sa s\u00fcreli olarak kiralayarak gelir elde etmeye devam edebilmesi hedefleniyor. Buna kar\u015f\u0131l\u0131k, \u00f6zel konutlar\u0131n fiilen otel gibi i\u015fletilmesi ya da yaln\u0131zca k\u0131sa s\u00fcreli kiralama amac\u0131yla konut sat\u0131n al\u0131nmas\u0131 ise kabul edilemez olarak de\u011ferlendiriliyor. Bu t\u00fcr uygulamalar\u0131n konut piyasas\u0131ndan evleri \u00e7ekti\u011fi, konut fiyatlar\u0131n\u0131 y\u00fckseltti\u011fi ve turizm sekt\u00f6r\u00fcnde faaliyet g\u00f6steren i\u015fletmeler a\u00e7\u0131s\u0131ndan haks\u0131z rekabete yol a\u00e7t\u0131\u011f\u0131 vurgulan\u0131yor.<\/p>\n<p>Siyasi anla\u015fma kapsam\u0131nda \u00f6ne \u00e7\u0131kan d\u00fczenlemeler \u015f\u00f6yle:<\/p>\n<ul>\n<li>Kiralama platformlar\u0131, m\u00fclk sahipleri ve kullan\u0131c\u0131lar\u0131n gerekli bilgileri yetkililere sunmas\u0131n\u0131n zorunlu hale getirilmesi<\/li>\n<li>Yasad\u0131\u015f\u0131 i\u00e7eriklere kar\u015f\u0131 platformlara m\u00fcdahale yetkisi verilmesi; bu kapsamda rezervasyonlar\u0131n engellenmesi veya ilanlar\u0131n kald\u0131r\u0131labilmesi<\/li>\n<li>Denetim makamlar\u0131n\u0131n verdi\u011fi talimatlara uyulmamas\u0131 halinde yeni ve daha a\u011f\u0131r para cezalar\u0131n\u0131n uygulanmas\u0131<\/li>\n<li>Ki\u015finin kendi tam zamanl\u0131 ikamet etti\u011fi konutun k\u0131sa s\u00fcreli kiralanmas\u0131na ili\u015fkin yazl\u0131k konut yasas\u0131n\u0131n ihlali durumunda cezalar\u0131n art\u0131r\u0131lmas\u0131<\/li>\n<li>\u00d6zellikle \u201cg\u00f6lge otel\u201d olarak adland\u0131r\u0131lan, ticari kiralama kurallar\u0131n\u0131 ihlal eden uygulamalara y\u00f6nelik daha a\u011f\u0131r yapt\u0131r\u0131mlar getirilmesi<\/li>\n<li>Belediyelere, tam zamanl\u0131 konutlar\u0131n k\u0131sa s\u00fcreli kiralanmas\u0131n\u0131n yasalara uygunlu\u011funu denetleme yetkisinin devredilebilmesi<\/li>\n<\/ul>\n<p>Anla\u015fman\u0131n, hem konut piyasas\u0131n\u0131 korumay\u0131 hem de k\u0131sa s\u00fcreli kiralaman\u0131n adil ve yasal \u00e7er\u00e7evede s\u00fcrd\u00fcr\u00fclmesini sa\u011flamay\u0131 ama\u00e7lad\u0131\u011f\u0131 belirtiliyor.<\/p>\n<p>Yeni yasaya Danimarka\u2019da h\u00fck\u00fcmet partileri Sosyal Demokratlar, Venstre (Liberal Parti) ve Moderaterne (Il\u0131ml\u0131lar) ile birlikte Danimarka Demokratlar\u0131, Sosyalist Halk Partisi, Liberal \u0130ttifak, Muhafazak\u00e2r Halk Partisi, Birlik Listesi (K\u0131z\u0131l-Ye\u015filler), Danimarka Halk Partisi, Sosyalist Liberal Parti (Radikal Venstre) ve Alternatif Parti destek veriyor.<\/p>\n<h3>Yasa 2019&#8217;da y\u00fcr\u00fcrl\u00fc\u011fe girdi<\/h3>\n<p>Tam zamanl\u0131 ikamet edilen konutun kiralanmas\u0131na ili\u015fkin kurallar, 2019 y\u0131l\u0131nda Yazl\u0131k Konutlar Yasas\u0131\u2019n\u0131n 5 ve 6\u2019nc\u0131 maddeleri kapsam\u0131nda y\u00fcr\u00fcrl\u00fc\u011fe girdi. Yasada, \u00fc\u00e7 farkl\u0131 kiralama t\u00fcr\u00fcne izin veriliyor:<\/p>\n<ul>\n<li>Ki\u015finin kendi tam zamanl\u0131 ikamet etti\u011fi konutunu, herhangi bir kiralama platformu kullanmadan \u00f6zel olarak kiralamas\u0131 halinde, y\u0131ll\u0131k kiralama s\u00fcresi takvim y\u0131l\u0131 ba\u015f\u0131na 30 g\u00fcn ile s\u0131n\u0131rland\u0131r\u0131ld\u0131.<\/li>\n<li>Kendi tam zamanl\u0131 ikamet edilen konutun, kira gelirini Vergi \u0130daresi\u2019ne bildiren bir kiralama platformu arac\u0131l\u0131\u011f\u0131yla kiralanmas\u0131 durumunda, y\u0131ll\u0131k s\u0131n\u0131r 70 g\u00fcn olarak uygulan\u0131yor.<\/li>\n<li>Belediye meclisi, yaln\u0131zca kira gelirini Vergi \u0130daresi\u2019ne bildiren bir kiralama platformu \u00fczerinden yap\u0131lan kiralamalar i\u00e7in ge\u00e7erli olmak \u00fczere, 70 g\u00fcnl\u00fck s\u0131n\u0131r\u0131 100 g\u00fcne kadar y\u00fckseltme yetkisine sahip.<\/li>\n<\/ul>\n","protected":false},"excerpt":{"rendered":"<p>Danimaka&#8217;da siyasi partiler yasad\u0131\u015f\u0131 k\u0131sa s\u00fcreli konut kiralamalar\u0131na kar\u015f\u0131 kapsaml\u0131 bir siyasi anla\u015fmaya vard\u0131. Anla\u015fma, kurallar\u0131 ihlal eden ki\u015fi ve \u015firketlere y\u00f6nelik para cezalar\u0131n\u0131n art\u0131r\u0131lmas\u0131n\u0131 ve denetim mekanizmalar\u0131n\u0131n g\u00fc\u00e7lendirilmesini \u00f6ng\u00f6r\u00fcyor.<\/p>\n","protected":false},"author":2,"featured_media":34,"comment_status":"open","ping_status":"open","sticky":false,"template":"","format":"standard","meta":{"footnotes":""},"categories":[5,20,41,34],"tags":[132,131,133],"class_list":["post-27","post","type-post","status-publish","format-standard","has-post-thumbnail","hentry","category-danimarka","category-ekonomi","category-emlak","category-seyahat","tag-airbnb","tag-danimarka","tag-kisa-sureli-konut-kiralama"],"yoast_head":"<!-- This site is optimized with the Yoast SEO plugin v26.8 - https:\/\/yoast.com\/product\/yoast-seo-wordpress\/ -->\n<title>Danimarka&#039;dan Airbnb&#039;ye darbe: K\u0131sa s\u00fcreli konut kiralamalar\u0131nda denetim art\u0131yor - Nordic.info<\/title>\n<meta name=\"robots\" content=\"index, follow, max-snippet:-1, max-image-preview:large, max-video-preview:-1\" \/>\n<link rel=\"canonical\" href=\"https:\/\/www.nordic.info\/tr-tr\/danimarka\/danimarkadan-airbnbye-darbe-kisa-sureli-konut-kiralamalarinda-denetim-artiyor\/27\/\" \/>\n<meta property=\"og:locale\" content=\"tr_TR\" \/>\n<meta property=\"og:type\" content=\"article\" \/>\n<meta property=\"og:title\" content=\"Danimarka&#039;dan Airbnb&#039;ye darbe: K\u0131sa s\u00fcreli konut kiralamalar\u0131nda denetim art\u0131yor - Nordic.info\" \/>\n<meta property=\"og:description\" content=\"Danimaka&#039;da siyasi partiler yasad\u0131\u015f\u0131 k\u0131sa s\u00fcreli konut kiralamalar\u0131na kar\u015f\u0131 kapsaml\u0131 bir siyasi anla\u015fmaya vard\u0131. Anla\u015fma, kurallar\u0131 ihlal eden ki\u015fi ve \u015firketlere y\u00f6nelik para cezalar\u0131n\u0131n art\u0131r\u0131lmas\u0131n\u0131 ve denetim mekanizmalar\u0131n\u0131n g\u00fc\u00e7lendirilmesini \u00f6ng\u00f6r\u00fcyor.\" \/>\n<meta property=\"og:url\" content=\"https:\/\/www.nordic.info\/tr-tr\/danimarka\/danimarkadan-airbnbye-darbe-kisa-sureli-konut-kiralamalarinda-denetim-artiyor\/27\/\" \/>\n<meta property=\"og:site_name\" content=\"Nordic.info\" \/>\n<meta property=\"article:published_time\" content=\"2026-01-26T06:30:42+00:00\" \/>\n<meta property=\"og:image\" content=\"https:\/\/www.nordic.info\/tr-tr\/wp-content\/uploads\/2026\/01\/danimarka-siyasi-partiler-kisa-sureli-konut-kiralama-yeni-yasa.jpg\" \/>\n\t<meta property=\"og:image:width\" content=\"1200\" \/>\n\t<meta property=\"og:image:height\" content=\"800\" \/>\n\t<meta property=\"og:image:type\" content=\"image\/jpeg\" \/>\n<meta name=\"author\" content=\"nordicinfo\" \/>\n<meta name=\"twitter:card\" content=\"summary_large_image\" \/>\n<meta name=\"twitter:label1\" content=\"Yazan:\" \/>\n\t<meta name=\"twitter:data1\" content=\"nordicinfo\" \/>\n\t<meta name=\"twitter:label2\" content=\"Tahmini okuma s\u00fcresi\" \/>\n\t<meta name=\"twitter:data2\" content=\"3 dakika\" \/>\n<script type=\"application\/ld+json\" class=\"yoast-schema-graph\">{\"@context\":\"https:\/\/schema.org\",\"@graph\":[{\"@type\":\"Article\",\"@id\":\"https:\/\/www.nordic.info\/tr-tr\/danimarka\/danimarkadan-airbnbye-darbe-kisa-sureli-konut-kiralamalarinda-denetim-artiyor\/27\/#article\",\"isPartOf\":{\"@id\":\"https:\/\/www.nordic.info\/tr-tr\/danimarka\/danimarkadan-airbnbye-darbe-kisa-sureli-konut-kiralamalarinda-denetim-artiyor\/27\/\"},\"author\":{\"name\":\"nordicinfo\",\"@id\":\"https:\/\/www.nordic.info\/tr-tr\/#\/schema\/person\/7eecd1f337c3c6c1f7a0c78334cb889e\"},\"headline\":\"Danimarka&#8217;dan Airbnb&#8217;ye darbe: K\u0131sa s\u00fcreli konut kiralamalar\u0131nda denetim art\u0131yor\",\"datePublished\":\"2026-01-26T06:30:42+00:00\",\"mainEntityOfPage\":{\"@id\":\"https:\/\/www.nordic.info\/tr-tr\/danimarka\/danimarkadan-airbnbye-darbe-kisa-sureli-konut-kiralamalarinda-denetim-artiyor\/27\/\"},\"wordCount\":539,\"commentCount\":0,\"image\":{\"@id\":\"https:\/\/www.nordic.info\/tr-tr\/danimarka\/danimarkadan-airbnbye-darbe-kisa-sureli-konut-kiralamalarinda-denetim-artiyor\/27\/#primaryimage\"},\"thumbnailUrl\":\"https:\/\/www.nordic.info\/tr-tr\/wp-content\/uploads\/2026\/01\/danimarka-siyasi-partiler-kisa-sureli-konut-kiralama-yeni-yasa.jpg\",\"keywords\":[\"Airbnb\",\"Danimarka\",\"K\u0131sa s\u00fcreli konut kiralama\"],\"articleSection\":[\"Danimarka\",\"Ekonomi\",\"Emlak\",\"Seyahat\"],\"inLanguage\":\"tr\",\"potentialAction\":[{\"@type\":\"CommentAction\",\"name\":\"Comment\",\"target\":[\"https:\/\/www.nordic.info\/tr-tr\/danimarka\/danimarkadan-airbnbye-darbe-kisa-sureli-konut-kiralamalarinda-denetim-artiyor\/27\/#respond\"]}]},{\"@type\":\"WebPage\",\"@id\":\"https:\/\/www.nordic.info\/tr-tr\/danimarka\/danimarkadan-airbnbye-darbe-kisa-sureli-konut-kiralamalarinda-denetim-artiyor\/27\/\",\"url\":\"https:\/\/www.nordic.info\/tr-tr\/danimarka\/danimarkadan-airbnbye-darbe-kisa-sureli-konut-kiralamalarinda-denetim-artiyor\/27\/\",\"name\":\"Danimarka'dan Airbnb'ye darbe: K\u0131sa s\u00fcreli konut kiralamalar\u0131nda denetim art\u0131yor - Nordic.info\",\"isPartOf\":{\"@id\":\"https:\/\/www.nordic.info\/tr-tr\/#website\"},\"primaryImageOfPage\":{\"@id\":\"https:\/\/www.nordic.info\/tr-tr\/danimarka\/danimarkadan-airbnbye-darbe-kisa-sureli-konut-kiralamalarinda-denetim-artiyor\/27\/#primaryimage\"},\"image\":{\"@id\":\"https:\/\/www.nordic.info\/tr-tr\/danimarka\/danimarkadan-airbnbye-darbe-kisa-sureli-konut-kiralamalarinda-denetim-artiyor\/27\/#primaryimage\"},\"thumbnailUrl\":\"https:\/\/www.nordic.info\/tr-tr\/wp-content\/uploads\/2026\/01\/danimarka-siyasi-partiler-kisa-sureli-konut-kiralama-yeni-yasa.jpg\",\"datePublished\":\"2026-01-26T06:30:42+00:00\",\"author\":{\"@id\":\"https:\/\/www.nordic.info\/tr-tr\/#\/schema\/person\/7eecd1f337c3c6c1f7a0c78334cb889e\"},\"breadcrumb\":{\"@id\":\"https:\/\/www.nordic.info\/tr-tr\/danimarka\/danimarkadan-airbnbye-darbe-kisa-sureli-konut-kiralamalarinda-denetim-artiyor\/27\/#breadcrumb\"},\"inLanguage\":\"tr\",\"potentialAction\":[{\"@type\":\"ReadAction\",\"target\":[\"https:\/\/www.nordic.info\/tr-tr\/danimarka\/danimarkadan-airbnbye-darbe-kisa-sureli-konut-kiralamalarinda-denetim-artiyor\/27\/\"]}]},{\"@type\":\"ImageObject\",\"inLanguage\":\"tr\",\"@id\":\"https:\/\/www.nordic.info\/tr-tr\/danimarka\/danimarkadan-airbnbye-darbe-kisa-sureli-konut-kiralamalarinda-denetim-artiyor\/27\/#primaryimage\",\"url\":\"https:\/\/www.nordic.info\/tr-tr\/wp-content\/uploads\/2026\/01\/danimarka-siyasi-partiler-kisa-sureli-konut-kiralama-yeni-yasa.jpg\",\"contentUrl\":\"https:\/\/www.nordic.info\/tr-tr\/wp-content\/uploads\/2026\/01\/danimarka-siyasi-partiler-kisa-sureli-konut-kiralama-yeni-yasa.jpg\",\"width\":1200,\"height\":800,\"caption\":\"(Foto\u011fraf: By-, Land- og Kirkeministeriet)\"},{\"@type\":\"BreadcrumbList\",\"@id\":\"https:\/\/www.nordic.info\/tr-tr\/danimarka\/danimarkadan-airbnbye-darbe-kisa-sureli-konut-kiralamalarinda-denetim-artiyor\/27\/#breadcrumb\",\"itemListElement\":[{\"@type\":\"ListItem\",\"position\":1,\"name\":\"Anasayfa\",\"item\":\"https:\/\/www.nordic.info\/tr-tr\/\"},{\"@type\":\"ListItem\",\"position\":2,\"name\":\"Danimarka&#8217;dan Airbnb&#8217;ye darbe: K\u0131sa s\u00fcreli konut kiralamalar\u0131nda denetim art\u0131yor\"}]},{\"@type\":\"WebSite\",\"@id\":\"https:\/\/www.nordic.info\/tr-tr\/#website\",\"url\":\"https:\/\/www.nordic.info\/tr-tr\/\",\"name\":\"Nordic.info\",\"description\":\"\",\"potentialAction\":[{\"@type\":\"SearchAction\",\"target\":{\"@type\":\"EntryPoint\",\"urlTemplate\":\"https:\/\/www.nordic.info\/tr-tr\/?s={search_term_string}\"},\"query-input\":{\"@type\":\"PropertyValueSpecification\",\"valueRequired\":true,\"valueName\":\"search_term_string\"}}],\"inLanguage\":\"tr\"},{\"@type\":\"Person\",\"@id\":\"https:\/\/www.nordic.info\/tr-tr\/#\/schema\/person\/7eecd1f337c3c6c1f7a0c78334cb889e\",\"name\":\"nordicinfo\",\"url\":\"https:\/\/www.nordic.info\/tr-tr\/author\/nordicinfo\/\"}]}<\/script>\n<!-- \/ Yoast SEO plugin. -->","yoast_head_json":{"title":"Danimarka'dan Airbnb'ye darbe: K\u0131sa s\u00fcreli konut kiralamalar\u0131nda denetim art\u0131yor - Nordic.info","robots":{"index":"index","follow":"follow","max-snippet":"max-snippet:-1","max-image-preview":"max-image-preview:large","max-video-preview":"max-video-preview:-1"},"canonical":"https:\/\/www.nordic.info\/tr-tr\/danimarka\/danimarkadan-airbnbye-darbe-kisa-sureli-konut-kiralamalarinda-denetim-artiyor\/27\/","og_locale":"tr_TR","og_type":"article","og_title":"Danimarka'dan Airbnb'ye darbe: K\u0131sa s\u00fcreli konut kiralamalar\u0131nda denetim art\u0131yor - Nordic.info","og_description":"Danimaka'da siyasi partiler yasad\u0131\u015f\u0131 k\u0131sa s\u00fcreli konut kiralamalar\u0131na kar\u015f\u0131 kapsaml\u0131 bir siyasi anla\u015fmaya vard\u0131. Anla\u015fma, kurallar\u0131 ihlal eden ki\u015fi ve \u015firketlere y\u00f6nelik para cezalar\u0131n\u0131n art\u0131r\u0131lmas\u0131n\u0131 ve denetim mekanizmalar\u0131n\u0131n g\u00fc\u00e7lendirilmesini \u00f6ng\u00f6r\u00fcyor.","og_url":"https:\/\/www.nordic.info\/tr-tr\/danimarka\/danimarkadan-airbnbye-darbe-kisa-sureli-konut-kiralamalarinda-denetim-artiyor\/27\/","og_site_name":"Nordic.info","article_published_time":"2026-01-26T06:30:42+00:00","og_image":[{"width":1200,"height":800,"url":"https:\/\/www.nordic.info\/tr-tr\/wp-content\/uploads\/2026\/01\/danimarka-siyasi-partiler-kisa-sureli-konut-kiralama-yeni-yasa.jpg","type":"image\/jpeg"}],"author":"nordicinfo","twitter_card":"summary_large_image","twitter_misc":{"Yazan:":"nordicinfo","Tahmini okuma s\u00fcresi":"3 dakika"},"schema":{"@context":"https:\/\/schema.org","@graph":[{"@type":"Article","@id":"https:\/\/www.nordic.info\/tr-tr\/danimarka\/danimarkadan-airbnbye-darbe-kisa-sureli-konut-kiralamalarinda-denetim-artiyor\/27\/#article","isPartOf":{"@id":"https:\/\/www.nordic.info\/tr-tr\/danimarka\/danimarkadan-airbnbye-darbe-kisa-sureli-konut-kiralamalarinda-denetim-artiyor\/27\/"},"author":{"name":"nordicinfo","@id":"https:\/\/www.nordic.info\/tr-tr\/#\/schema\/person\/7eecd1f337c3c6c1f7a0c78334cb889e"},"headline":"Danimarka&#8217;dan Airbnb&#8217;ye darbe: K\u0131sa s\u00fcreli konut kiralamalar\u0131nda denetim art\u0131yor","datePublished":"2026-01-26T06:30:42+00:00","mainEntityOfPage":{"@id":"https:\/\/www.nordic.info\/tr-tr\/danimarka\/danimarkadan-airbnbye-darbe-kisa-sureli-konut-kiralamalarinda-denetim-artiyor\/27\/"},"wordCount":539,"commentCount":0,"image":{"@id":"https:\/\/www.nordic.info\/tr-tr\/danimarka\/danimarkadan-airbnbye-darbe-kisa-sureli-konut-kiralamalarinda-denetim-artiyor\/27\/#primaryimage"},"thumbnailUrl":"https:\/\/www.nordic.info\/tr-tr\/wp-content\/uploads\/2026\/01\/danimarka-siyasi-partiler-kisa-sureli-konut-kiralama-yeni-yasa.jpg","keywords":["Airbnb","Danimarka","K\u0131sa s\u00fcreli konut kiralama"],"articleSection":["Danimarka","Ekonomi","Emlak","Seyahat"],"inLanguage":"tr","potentialAction":[{"@type":"CommentAction","name":"Comment","target":["https:\/\/www.nordic.info\/tr-tr\/danimarka\/danimarkadan-airbnbye-darbe-kisa-sureli-konut-kiralamalarinda-denetim-artiyor\/27\/#respond"]}]},{"@type":"WebPage","@id":"https:\/\/www.nordic.info\/tr-tr\/danimarka\/danimarkadan-airbnbye-darbe-kisa-sureli-konut-kiralamalarinda-denetim-artiyor\/27\/","url":"https:\/\/www.nordic.info\/tr-tr\/danimarka\/danimarkadan-airbnbye-darbe-kisa-sureli-konut-kiralamalarinda-denetim-artiyor\/27\/","name":"Danimarka'dan Airbnb'ye darbe: K\u0131sa s\u00fcreli konut kiralamalar\u0131nda denetim art\u0131yor - Nordic.info","isPartOf":{"@id":"https:\/\/www.nordic.info\/tr-tr\/#website"},"primaryImageOfPage":{"@id":"https:\/\/www.nordic.info\/tr-tr\/danimarka\/danimarkadan-airbnbye-darbe-kisa-sureli-konut-kiralamalarinda-denetim-artiyor\/27\/#primaryimage"},"image":{"@id":"https:\/\/www.nordic.info\/tr-tr\/danimarka\/danimarkadan-airbnbye-darbe-kisa-sureli-konut-kiralamalarinda-denetim-artiyor\/27\/#primaryimage"},"thumbnailUrl":"https:\/\/www.nordic.info\/tr-tr\/wp-content\/uploads\/2026\/01\/danimarka-siyasi-partiler-kisa-sureli-konut-kiralama-yeni-yasa.jpg","datePublished":"2026-01-26T06:30:42+00:00","author":{"@id":"https:\/\/www.nordic.info\/tr-tr\/#\/schema\/person\/7eecd1f337c3c6c1f7a0c78334cb889e"},"breadcrumb":{"@id":"https:\/\/www.nordic.info\/tr-tr\/danimarka\/danimarkadan-airbnbye-darbe-kisa-sureli-konut-kiralamalarinda-denetim-artiyor\/27\/#breadcrumb"},"inLanguage":"tr","potentialAction":[{"@type":"ReadAction","target":["https:\/\/www.nordic.info\/tr-tr\/danimarka\/danimarkadan-airbnbye-darbe-kisa-sureli-konut-kiralamalarinda-denetim-artiyor\/27\/"]}]},{"@type":"ImageObject","inLanguage":"tr","@id":"https:\/\/www.nordic.info\/tr-tr\/danimarka\/danimarkadan-airbnbye-darbe-kisa-sureli-konut-kiralamalarinda-denetim-artiyor\/27\/#primaryimage","url":"https:\/\/www.nordic.info\/tr-tr\/wp-content\/uploads\/2026\/01\/danimarka-siyasi-partiler-kisa-sureli-konut-kiralama-yeni-yasa.jpg","contentUrl":"https:\/\/www.nordic.info\/tr-tr\/wp-content\/uploads\/2026\/01\/danimarka-siyasi-partiler-kisa-sureli-konut-kiralama-yeni-yasa.jpg","width":1200,"height":800,"caption":"(Foto\u011fraf: By-, Land- og Kirkeministeriet)"},{"@type":"BreadcrumbList","@id":"https:\/\/www.nordic.info\/tr-tr\/danimarka\/danimarkadan-airbnbye-darbe-kisa-sureli-konut-kiralamalarinda-denetim-artiyor\/27\/#breadcrumb","itemListElement":[{"@type":"ListItem","position":1,"name":"Anasayfa","item":"https:\/\/www.nordic.info\/tr-tr\/"},{"@type":"ListItem","position":2,"name":"Danimarka&#8217;dan Airbnb&#8217;ye darbe: K\u0131sa s\u00fcreli konut kiralamalar\u0131nda denetim art\u0131yor"}]},{"@type":"WebSite","@id":"https:\/\/www.nordic.info\/tr-tr\/#website","url":"https:\/\/www.nordic.info\/tr-tr\/","name":"Nordic.info","description":"","potentialAction":[{"@type":"SearchAction","target":{"@type":"EntryPoint","urlTemplate":"https:\/\/www.nordic.info\/tr-tr\/?s={search_term_string}"},"query-input":{"@type":"PropertyValueSpecification","valueRequired":true,"valueName":"search_term_string"}}],"inLanguage":"tr"},{"@type":"Person","@id":"https:\/\/www.nordic.info\/tr-tr\/#\/schema\/person\/7eecd1f337c3c6c1f7a0c78334cb889e","name":"nordicinfo","url":"https:\/\/www.nordic.info\/tr-tr\/author\/nordicinfo\/"}]}},"_links":{"self":[{"href":"https:\/\/www.nordic.info\/tr-tr\/wp-json\/wp\/v2\/posts\/27","targetHints":{"allow":["GET"]}}],"collection":[{"href":"https:\/\/www.nordic.info\/tr-tr\/wp-json\/wp\/v2\/posts"}],"about":[{"href":"https:\/\/www.nordic.info\/tr-tr\/wp-json\/wp\/v2\/types\/post"}],"author":[{"embeddable":true,"href":"https:\/\/www.nordic.info\/tr-tr\/wp-json\/wp\/v2\/users\/2"}],"replies":[{"embeddable":true,"href":"https:\/\/www.nordic.info\/tr-tr\/wp-json\/wp\/v2\/comments?post=27"}],"version-history":[{"count":8,"href":"https:\/\/www.nordic.info\/tr-tr\/wp-json\/wp\/v2\/posts\/27\/revisions"}],"predecessor-version":[{"id":36,"href":"https:\/\/www.nordic.info\/tr-tr\/wp-json\/wp\/v2\/posts\/27\/revisions\/36"}],"wp:featuredmedia":[{"embeddable":true,"href":"https:\/\/www.nordic.info\/tr-tr\/wp-json\/wp\/v2\/media\/34"}],"wp:attachment":[{"href":"https:\/\/www.nordic.info\/tr-tr\/wp-json\/wp\/v2\/media?parent=27"}],"wp:term":[{"taxonomy":"category","embeddable":true,"href":"https:\/\/www.nordic.info\/tr-tr\/wp-json\/wp\/v2\/categories?post=27"},{"taxonomy":"post_tag","embeddable":true,"href":"https:\/\/www.nordic.info\/tr-tr\/wp-json\/wp\/v2\/tags?post=27"}],"curies":[{"name":"wp","href":"https:\/\/api.w.org\/{rel}","templated":true}]}}